{"id":398,"date":"2024-07-25T17:31:22","date_gmt":"2024-07-25T17:31:22","guid":{"rendered":"https:\/\/hechojacobeo.itcdesantiago.org\/?p=398"},"modified":"2024-07-25T17:31:22","modified_gmt":"2024-07-25T17:31:22","slug":"matricula-24-25","status":"publish","type":"post","link":"https:\/\/hechojacobeo.itcdesantiago.org\/index.php\/2024\/07\/25\/matricula-24-25\/","title":{"rendered":"Matr\u00edcula 24-25"},"content":{"rendered":"<p>Abierto plazo de matr\u00edcula para inscripci\u00f3n en<\/p>\n<p>Diploma Especialista en \u201cEl Hecho Jacobeo\u201d<\/p>\n<p>informaci\u00f3n: \u00a0secretariatex@itcdesantiago.org<\/p>\n<p><img loading=\"lazy\" decoding=\"async\" class=\"alignnone size-medium wp-image-399\" src=\"https:\/\/i0.wp.com\/hechojacobeo.itcdesantiago.org\/wp-content\/uploads\/2024\/07\/PHOTO-2024-07-23-19-22-13.jpeg?resize=298%2C300&#038;ssl=1\" alt=\"\" width=\"298\" height=\"300\" srcset=\"https:\/\/i0.wp.com\/hechojacobeo.itcdesantiago.org\/wp-content\/uploads\/2024\/07\/PHOTO-2024-07-23-19-22-13.jpeg?resize=298%2C300&amp;ssl=1 298w, https:\/\/i0.wp.com\/hechojacobeo.itcdesantiago.org\/wp-content\/uploads\/2024\/07\/PHOTO-2024-07-23-19-22-13.jpeg?resize=1016%2C1024&amp;ssl=1 1016w, https:\/\/i0.wp.com\/hechojacobeo.itcdesantiago.org\/wp-content\/uploads\/2024\/07\/PHOTO-2024-07-23-19-22-13.jpeg?resize=150%2C150&amp;ssl=1 150w, https:\/\/i0.wp.com\/hechojacobeo.itcdesantiago.org\/wp-content\/uploads\/2024\/07\/PHOTO-2024-07-23-19-22-13.jpeg?resize=768%2C774&amp;ssl=1 768w, https:\/\/i0.wp.com\/hechojacobeo.itcdesantiago.org\/wp-content\/uploads\/2024\/07\/PHOTO-2024-07-23-19-22-13.jpeg?resize=1524%2C1536&amp;ssl=1 1524w, https:\/\/i0.wp.com\/hechojacobeo.itcdesantiago.org\/wp-content\/uploads\/2024\/07\/PHOTO-2024-07-23-19-22-13.jpeg?resize=88%2C88&amp;ssl=1 88w, https:\/\/i0.wp.com\/hechojacobeo.itcdesantiago.org\/wp-content\/uploads\/2024\/07\/PHOTO-2024-07-23-19-22-13.jpeg?resize=900%2C907&amp;ssl=1 900w, https:\/\/i0.wp.com\/hechojacobeo.itcdesantiago.org\/wp-content\/uploads\/2024\/07\/PHOTO-2024-07-23-19-22-13.jpeg?resize=1280%2C1290&amp;ssl=1 1280w, https:\/\/i0.wp.com\/hechojacobeo.itcdesantiago.org\/wp-content\/uploads\/2024\/07\/PHOTO-2024-07-23-19-22-13.jpeg?w=1588&amp;ssl=1 1588w\" sizes=\"(max-width: 298px) 100vw, 298px\" data-recalc-dims=\"1\" \/><\/p>\n","protected":false},"excerpt":{"rendered":"<p>Abierto plazo de matr\u00edcula para inscripci\u00f3n en Diploma Especialista en \u201cEl Hecho Jacobeo\u201d informaci\u00f3n: \u00a0secretariatex@itcdesantiago.org<\/p>\n","protected":false},"author":2,"featured_media":0,"comment_status":"closed","ping_status":"closed","sticky":false,"template":"","format":"standard","meta":{"_jetpack_memberships_contains_paid_content":false,"footnotes":""},"categories":[1],"tags":[],"class_list":["post-398","post","type-post","status-publish","format-standard","hentry","category-uncategorized"],"jetpack_sharing_enabled":true,"jetpack_featured_media_url":"","_links":{"self":[{"href":"https:\/\/hechojacobeo.itcdesantiago.org\/index.php\/wp-json\/wp\/v2\/posts\/398"}],"collection":[{"href":"https:\/\/hechojacobeo.itcdesantiago.org\/index.php\/wp-json\/wp\/v2\/posts"}],"about":[{"href":"https:\/\/hechojacobeo.itcdesantiago.org\/index.php\/wp-json\/wp\/v2\/types\/post"}],"author":[{"embeddable":true,"href":"https:\/\/hechojacobeo.itcdesantiago.org\/index.php\/wp-json\/wp\/v2\/users\/2"}],"replies":[{"embeddable":true,"href":"https:\/\/hechojacobeo.itcdesantiago.org\/index.php\/wp-json\/wp\/v2\/comments?post=398"}],"version-history":[{"count":2,"href":"https:\/\/hechojacobeo.itcdesantiago.org\/index.php\/wp-json\/wp\/v2\/posts\/398\/revisions"}],"predecessor-version":[{"id":401,"href":"https:\/\/hechojacobeo.itcdesantiago.org\/index.php\/wp-json\/wp\/v2\/posts\/398\/revisions\/401"}],"wp:attachment":[{"href":"https:\/\/hechojacobeo.itcdesantiago.org\/index.php\/wp-json\/wp\/v2\/media?parent=398"}],"wp:term":[{"taxonomy":"category","embeddable":true,"href":"https:\/\/hechojacobeo.itcdesantiago.org\/index.php\/wp-json\/wp\/v2\/categories?post=398"},{"taxonomy":"post_tag","embeddable":true,"href":"https:\/\/hechojacobeo.itcdesantiago.org\/index.php\/wp-json\/wp\/v2\/tags?post=398"}],"curies":[{"name":"wp","href":"https:\/\/api.w.org\/{rel}","templated":true}]}}